{"id":8642,"date":"2026-04-08T17:43:55","date_gmt":"2026-04-08T15:43:55","guid":{"rendered":"https:\/\/dunod-formation.com\/petite-enfance\/?p=8642"},"modified":"2026-04-19T12:33:29","modified_gmt":"2026-04-19T10:33:29","slug":"prerequis-formations","status":"publish","type":"post","link":"https:\/\/dunod-formation.com\/petite-enfance\/prerequis-formations\/","title":{"rendered":"Y a-t-il des pr\u00e9requis pour suivre les formations Dunod Petite Enfance ?"},"content":{"rendered":"<h2>1. Formations \u00e0 distance accompagn\u00e9es<\/h2>\n<p>Les parcours e-learning Dunod Petite Enfance sont pertinentes pour tout professionnel de la Petite Enfance, d\u00e9butant ou plus exp\u00e9riment\u00e9, souhaitant <strong>interroger ou conforter ses pratiques, actualiser ses connaissances, renforcer ses comp\u00e9tences,<\/strong> faire le point sur une th\u00e9matique pour pr\u00e9parer une r\u00e9union d\u2019\u00e9quipe ou une journ\u00e9e p\u00e9dagogique, par exemple.<\/p>\n<p>En effet, notre <a href=\"https:\/\/dunod-formation.com\/petite-enfance\/pedagogie-digitale\/\">p\u00e9dagogie digitale<\/a> est progressive.<\/p>\n<p>Chaque parcours de formation e-learning int\u00e8gre un module liminaire <strong>\u00ab D\u00e9marrons ensemble cette formation ! \u00bb.<\/strong><\/p>\n<p>Les modules liminaires des parcours e-learning permettent d\u2019homog\u00e9n\u00e9iser le niveau d\u2019approche d\u2019une th\u00e9matique (d\u00e9couverte ou rappel des fondamentaux, enjeux d\u2019actualisation des connaissances et comp\u00e9tences \u00e0 la lumi\u00e8re des neurosciences ou d\u2019autres \u00e9volutions).<\/p>\n<p>Dans ces modules, l&rsquo;apprenant peut auto\u00e9valuer son niveau d\u2019expertise sur le programme propos\u00e9 et mentionner son objectif personnel comme fil rouge motivant de progression.<\/p>\n<p>Les formations \u00e0 distance sont aussi l\u2019occasion de <strong>renforcer les comp\u00e9tences en organisation et en gestion du temps<\/strong>. Ainsi, pour b\u00e9n\u00e9ficier pleinement de la progressivit\u00e9 de votre formation et obtenir dans les d\u00e9lais votre attestation de r\u00e9ussite \u00e0 l\u2019issue de l\u2019\u00e9valuation initiale, il est important de se r\u00e9server des plages de formation r\u00e9guli\u00e8res.<\/p>\n<p>e-learning : consulter nos <a href=\"https:\/\/dunod-formation.com\/petite-enfance\/conseils-efficacite-formation-digitale\/\">conseils d&rsquo;organisation \u00e0 l&rsquo;attention des structures d&rsquo;accueil de la Petite Enfance<\/a>.<\/p>\n<p>e-learning : consulter nos <a href=\"https:\/\/dunod-formation.com\/petite-enfance\/recommandations-experience-utilisateur\/\">recommandations pour suivre votre formation dans de bonnes conditions<\/a> (dont informations technologiques r\u00e9guli\u00e8rement actualis\u00e9es).<\/p>\n<p>Financement des parcours e-learning Dunod \u00e0 destination des Assistantes maternelles : <a href=\"https:\/\/dunod-formation.com\/petite-enfance\/formulaire-dinscription-assistante-maternelle\/\">consulter les conditions d&rsquo;\u00e9ligibilit\u00e9 \u00e0 la prise en charge financi\u00e8re, via l\u2019Institut Iperia, de la branche du particulier employeur<\/a> dans le cadre du plan de d\u00e9veloppement des comp\u00e9tences (voir crit\u00e8res et justificatifs cit\u00e9s).<\/p>\n<h2>2. Pr\u00e9sentiel<\/h2>\n<h3>2.1 Prestations de formations dans le cadre de journ\u00e9es p\u00e9dagogiques<\/h3>\n<p>\u00c0\u00a0date, il n&rsquo;y a pas de pr\u00e9requis de dipl\u00f4me, de connaissances ou d&rsquo;exp\u00e9rience pour acc\u00e9der aux \u00ab\u00a0journ\u00e9es p\u00e9dagogiques\u00a0\u00bb en pr\u00e9sentiel con\u00e7ues par Dunod sur demande de structure d&rsquo;accueil de la Petite Enfance.<\/p>\n<p>La conception des prestations en pr\u00e9sentiel prend en compte les informations recueillies aupr\u00e8s du commanditaire concernant le profil des participants.<\/p>\n<p>Chaque formateur s&rsquo;attache ensuite \u00e0 r\u00e9pondre aux attentes des participants \u00e0 l&rsquo;occasion du \u00ab\u00a0tour de table\u00a0\u00bb de d\u00e9marrage de la formation, afin de s&rsquo;adapter aux mieux \u00e0 leurs besoins.<\/p>\n<h3>2.2 Autres prestations en pr\u00e9sentiel<\/h3>\n<p>Dans le cas o\u00f9 nous ne sommes pas responsables de la d\u00e9termination des conditions d\u2019acc\u00e8s et des proc\u00e9dures de positionnement exig\u00e9es, nous appliquons les dispositifs pr\u00e9vus par notre commanditaire.<\/p>\n<h3>2.3. Pr\u00e9sentiel : recommandations pour suivre la formation dans de bonnes conditions<\/h3>\n<p>Consulter notre article d\u00e9di\u00e9 <a href=\"https:\/\/dunod-formation.com\/petite-enfance\/recommandations-experience-utilisateur\/\">Recommandations pour suivre votre formation dans de bonnes conditions<\/a><\/p>\n<h2>3. Points de vigilance<\/h2>\n<p>Dans le cas de pr\u00e9requis sp\u00e9cifiques, ils sont mentionn\u00e9s dans la rubrique \u00ab\u00a0Pr\u00e9requis\u00a0\u00bb des fiches-catalogue concern\u00e9es.<\/p>\n<p>Financement des formations Dunod \u00e0 destination des Assistantes maternelles : <a href=\"https:\/\/dunod-formation.com\/petite-enfance\/formulaire-dinscription-assistante-maternelle\/\">consulter les conditions d&rsquo;\u00e9ligibilit\u00e9 \u00e0 la prise en charge financi\u00e8re, via l\u2019Institut Iperia, de la branche du particulier employeur<\/a> dans le cadre du plan de d\u00e9veloppement des comp\u00e9tences (voir crit\u00e8res et justificatifs cit\u00e9s).<\/p>\n<p>&nbsp;<\/p>\n<p>Date de derni\u00e8re mise \u00e0 jour : 19 avril 2026.<\/p>\n<p>&nbsp;<\/p>\n","protected":false},"excerpt":{"rendered":"<p>1. Formations \u00e0 distance accompagn\u00e9es Les parcours e-learning Dunod Petite Enfance sont pertinentes pour tout professionnel de la Petite Enfance, d\u00e9butant ou plus exp\u00e9riment\u00e9, souhaitant interroger ou conforter ses pratiques, actualiser ses connaissances, renforcer ses comp\u00e9tences, faire le point sur une th\u00e9matique pour pr\u00e9parer une r\u00e9union d\u2019\u00e9quipe ou une journ\u00e9e p\u00e9dagogique, par exemple. En effet, [&#8230;]<\/p>\n<p><a class=\"btn btn-secondary understrap-read-more-link\" href=\"https:\/\/dunod-formation.com\/petite-enfance\/prerequis-formations\/\">Lire la suite\u2026<span class=\"screen-reader-text\"> from Y a-t-il des pr\u00e9requis pour suivre les formations Dunod Petite Enfance ?<\/span><\/a><\/p>\n","protected":false},"author":11,"featured_media":8181,"comment_status":"open","ping_status":"open","sticky":false,"template":"","format":"standard","meta":[],"categories":[9],"tags":[],"acf":[],"yoast_head":"<!-- This site is optimized with the Yoast SEO plugin v20.8 - https:\/\/yoast.com\/wordpress\/plugins\/seo\/ -->\n<title>Y a-t-il des pr\u00e9requis pour suivre les formations Dunod Petite Enfance ? - Dunod Formation Petite Enfance<\/title>\n<meta name=\"description\" content=\"Dunod Formation Petite Enfance : informations pr\u00e9requis formations. Conseils.\" \/>\n<meta name=\"robots\" content=\"index, follow, max-snippet:-1, max-image-preview:large, max-video-preview:-1\" \/>\n<link rel=\"canonical\" href=\"https:\/\/dunod-formation.com\/petite-enfance\/prerequis-formations\/\" \/>\n<meta property=\"og:locale\" content=\"fr_FR\" \/>\n<meta property=\"og:type\" content=\"article\" \/>\n<meta property=\"og:title\" content=\"Y a-t-il des pr\u00e9requis pour suivre les formations Dunod Petite Enfance ? - Dunod Formation Petite Enfance\" \/>\n<meta property=\"og:description\" content=\"Dunod Formation Petite Enfance : informations pr\u00e9requis formations. Conseils.\" \/>\n<meta property=\"og:url\" content=\"https:\/\/dunod-formation.com\/petite-enfance\/prerequis-formations\/\" \/>\n<meta property=\"og:site_name\" content=\"Dunod Formation Petite Enfance\" \/>\n<meta property=\"article:published_time\" content=\"2026-04-08T15:43:55+00:00\" \/>\n<meta property=\"article:modified_time\" content=\"2026-04-19T10:33:29+00:00\" \/>\n<meta property=\"og:image\" content=\"https:\/\/dunod-formation.com\/petite-enfance\/wp-content\/uploads\/2025\/09\/Formation-Favoriser-eveil-par-jeu-eco-responsable.jpg\" \/>\n\t<meta property=\"og:image:width\" content=\"1440\" \/>\n\t<meta property=\"og:image:height\" content=\"480\" \/>\n\t<meta property=\"og:image:type\" content=\"image\/jpeg\" \/>\n<meta name=\"author\" content=\"Astrid de Roquemaurel\" \/>\n<meta name=\"twitter:card\" content=\"summary_large_image\" \/>\n<script type=\"application\/ld+json\" class=\"yoast-schema-graph\">{\"@context\":\"https:\/\/schema.org\",\"@graph\":[{\"@type\":\"WebPage\",\"@id\":\"https:\/\/dunod-formation.com\/petite-enfance\/prerequis-formations\/\",\"url\":\"https:\/\/dunod-formation.com\/petite-enfance\/prerequis-formations\/\",\"name\":\"Y a-t-il des pr\u00e9requis pour suivre les formations Dunod Petite Enfance ? - Dunod Formation Petite Enfance\",\"isPartOf\":{\"@id\":\"https:\/\/dunod-formation.com\/petite-enfance\/#website\"},\"datePublished\":\"2026-04-08T15:43:55+00:00\",\"dateModified\":\"2026-04-19T10:33:29+00:00\",\"author\":{\"@id\":\"https:\/\/dunod-formation.com\/petite-enfance\/#\/schema\/person\/378d8c36097d6d66b33334ea45cdaac9\"},\"description\":\"Dunod Formation Petite Enfance : informations pr\u00e9requis formations. Conseils.\",\"breadcrumb\":{\"@id\":\"https:\/\/dunod-formation.com\/petite-enfance\/prerequis-formations\/#breadcrumb\"},\"inLanguage\":\"fr-FR\",\"potentialAction\":[{\"@type\":\"ReadAction\",\"target\":[\"https:\/\/dunod-formation.com\/petite-enfance\/prerequis-formations\/\"]}]},{\"@type\":\"BreadcrumbList\",\"@id\":\"https:\/\/dunod-formation.com\/petite-enfance\/prerequis-formations\/#breadcrumb\",\"itemListElement\":[{\"@type\":\"ListItem\",\"position\":1,\"name\":\"Accueil\",\"item\":\"https:\/\/dunod-formation.com\/petite-enfance\/\"},{\"@type\":\"ListItem\",\"position\":2,\"name\":\"Y a-t-il des pr\u00e9requis pour suivre les formations Dunod Petite Enfance ?\"}]},{\"@type\":\"WebSite\",\"@id\":\"https:\/\/dunod-formation.com\/petite-enfance\/#website\",\"url\":\"https:\/\/dunod-formation.com\/petite-enfance\/\",\"name\":\"Dunod Formation Petite Enfance\",\"description\":\"La formation 100% en ligne pour les professionnels de la petite enfance\",\"potentialAction\":[{\"@type\":\"SearchAction\",\"target\":{\"@type\":\"EntryPoint\",\"urlTemplate\":\"https:\/\/dunod-formation.com\/petite-enfance\/?s={search_term_string}\"},\"query-input\":\"required name=search_term_string\"}],\"inLanguage\":\"fr-FR\"},{\"@type\":\"Person\",\"@id\":\"https:\/\/dunod-formation.com\/petite-enfance\/#\/schema\/person\/378d8c36097d6d66b33334ea45cdaac9\",\"name\":\"Astrid de Roquemaurel\",\"image\":{\"@type\":\"ImageObject\",\"inLanguage\":\"fr-FR\",\"@id\":\"https:\/\/dunod-formation.com\/petite-enfance\/#\/schema\/person\/image\/\",\"url\":\"https:\/\/secure.gravatar.com\/avatar\/e9f9f8277e70396949d117b77094eab7?s=96&d=mm&r=g\",\"contentUrl\":\"https:\/\/secure.gravatar.com\/avatar\/e9f9f8277e70396949d117b77094eab7?s=96&d=mm&r=g\",\"caption\":\"Astrid de Roquemaurel\"},\"url\":\"https:\/\/dunod-formation.com\/petite-enfance\/author\/astrid-de-roquemaurel\/\"}]}<\/script>\n<!-- \/ Yoast SEO plugin. -->","yoast_head_json":{"title":"Y a-t-il des pr\u00e9requis pour suivre les formations Dunod Petite Enfance ? - Dunod Formation Petite Enfance","description":"Dunod Formation Petite Enfance : informations pr\u00e9requis formations. Conseils.","robots":{"index":"index","follow":"follow","max-snippet":"max-snippet:-1","max-image-preview":"max-image-preview:large","max-video-preview":"max-video-preview:-1"},"canonical":"https:\/\/dunod-formation.com\/petite-enfance\/prerequis-formations\/","og_locale":"fr_FR","og_type":"article","og_title":"Y a-t-il des pr\u00e9requis pour suivre les formations Dunod Petite Enfance ? - Dunod Formation Petite Enfance","og_description":"Dunod Formation Petite Enfance : informations pr\u00e9requis formations. Conseils.","og_url":"https:\/\/dunod-formation.com\/petite-enfance\/prerequis-formations\/","og_site_name":"Dunod Formation Petite Enfance","article_published_time":"2026-04-08T15:43:55+00:00","article_modified_time":"2026-04-19T10:33:29+00:00","og_image":[{"width":1440,"height":480,"url":"https:\/\/dunod-formation.com\/petite-enfance\/wp-content\/uploads\/2025\/09\/Formation-Favoriser-eveil-par-jeu-eco-responsable.jpg","type":"image\/jpeg"}],"author":"Astrid de Roquemaurel","twitter_card":"summary_large_image","schema":{"@context":"https:\/\/schema.org","@graph":[{"@type":"WebPage","@id":"https:\/\/dunod-formation.com\/petite-enfance\/prerequis-formations\/","url":"https:\/\/dunod-formation.com\/petite-enfance\/prerequis-formations\/","name":"Y a-t-il des pr\u00e9requis pour suivre les formations Dunod Petite Enfance ? - Dunod Formation Petite Enfance","isPartOf":{"@id":"https:\/\/dunod-formation.com\/petite-enfance\/#website"},"datePublished":"2026-04-08T15:43:55+00:00","dateModified":"2026-04-19T10:33:29+00:00","author":{"@id":"https:\/\/dunod-formation.com\/petite-enfance\/#\/schema\/person\/378d8c36097d6d66b33334ea45cdaac9"},"description":"Dunod Formation Petite Enfance : informations pr\u00e9requis formations. Conseils.","breadcrumb":{"@id":"https:\/\/dunod-formation.com\/petite-enfance\/prerequis-formations\/#breadcrumb"},"inLanguage":"fr-FR","potentialAction":[{"@type":"ReadAction","target":["https:\/\/dunod-formation.com\/petite-enfance\/prerequis-formations\/"]}]},{"@type":"BreadcrumbList","@id":"https:\/\/dunod-formation.com\/petite-enfance\/prerequis-formations\/#breadcrumb","itemListElement":[{"@type":"ListItem","position":1,"name":"Accueil","item":"https:\/\/dunod-formation.com\/petite-enfance\/"},{"@type":"ListItem","position":2,"name":"Y a-t-il des pr\u00e9requis pour suivre les formations Dunod Petite Enfance ?"}]},{"@type":"WebSite","@id":"https:\/\/dunod-formation.com\/petite-enfance\/#website","url":"https:\/\/dunod-formation.com\/petite-enfance\/","name":"Dunod Formation Petite Enfance","description":"La formation 100% en ligne pour les professionnels de la petite enfance","potentialAction":[{"@type":"SearchAction","target":{"@type":"EntryPoint","urlTemplate":"https:\/\/dunod-formation.com\/petite-enfance\/?s={search_term_string}"},"query-input":"required name=search_term_string"}],"inLanguage":"fr-FR"},{"@type":"Person","@id":"https:\/\/dunod-formation.com\/petite-enfance\/#\/schema\/person\/378d8c36097d6d66b33334ea45cdaac9","name":"Astrid de Roquemaurel","image":{"@type":"ImageObject","inLanguage":"fr-FR","@id":"https:\/\/dunod-formation.com\/petite-enfance\/#\/schema\/person\/image\/","url":"https:\/\/secure.gravatar.com\/avatar\/e9f9f8277e70396949d117b77094eab7?s=96&d=mm&r=g","contentUrl":"https:\/\/secure.gravatar.com\/avatar\/e9f9f8277e70396949d117b77094eab7?s=96&d=mm&r=g","caption":"Astrid de Roquemaurel"},"url":"https:\/\/dunod-formation.com\/petite-enfance\/author\/astrid-de-roquemaurel\/"}]}},"_links":{"self":[{"href":"https:\/\/dunod-formation.com\/petite-enfance\/wp-json\/wp\/v2\/posts\/8642"}],"collection":[{"href":"https:\/\/dunod-formation.com\/petite-enfance\/wp-json\/wp\/v2\/posts"}],"about":[{"href":"https:\/\/dunod-formation.com\/petite-enfance\/wp-json\/wp\/v2\/types\/post"}],"author":[{"embeddable":true,"href":"https:\/\/dunod-formation.com\/petite-enfance\/wp-json\/wp\/v2\/users\/11"}],"replies":[{"embeddable":true,"href":"https:\/\/dunod-formation.com\/petite-enfance\/wp-json\/wp\/v2\/comments?post=8642"}],"version-history":[{"count":18,"href":"https:\/\/dunod-formation.com\/petite-enfance\/wp-json\/wp\/v2\/posts\/8642\/revisions"}],"predecessor-version":[{"id":8919,"href":"https:\/\/dunod-formation.com\/petite-enfance\/wp-json\/wp\/v2\/posts\/8642\/revisions\/8919"}],"wp:featuredmedia":[{"embeddable":true,"href":"https:\/\/dunod-formation.com\/petite-enfance\/wp-json\/wp\/v2\/media\/8181"}],"wp:attachment":[{"href":"https:\/\/dunod-formation.com\/petite-enfance\/wp-json\/wp\/v2\/media?parent=8642"}],"wp:term":[{"taxonomy":"category","embeddable":true,"href":"https:\/\/dunod-formation.com\/petite-enfance\/wp-json\/wp\/v2\/categories?post=8642"},{"taxonomy":"post_tag","embeddable":true,"href":"https:\/\/dunod-formation.com\/petite-enfance\/wp-json\/wp\/v2\/tags?post=8642"}],"curies":[{"name":"wp","href":"https:\/\/api.w.org\/{rel}","templated":true}]}}